[{"command":"openDialog","selector":"#drupal-modal","settings":null,"data":"\u003Cdiv class=\u0022js-form-item form-item js-form-type-item form-item- js-form-item- form-no-label\u0022\u003E\n        \u003Cp\u003EAvbokningsskyddet g\u00e4ller endast den angivna deltagaren. Avbokningsskyddet kan anv\u00e4ndas ifall sjukdom eller skada f\u00f6rhindrar deltagaren att delta p\u00e5 minst h\u00e4lften av kurstillf\u00e4llena. L\u00e4karintyg med f\u00f6rklaring av varf\u00f6r deltagaren inte kan g\u00e5 och under vilken period kr\u00e4vs.\u003C\/p\u003E\u003Cp\u003E\u003Ca href=\u0022\/avbokningsskydd\u0022\u003EH\u00e4r kan du l\u00e4sa mer om hur avbokningsskyddet fungerar.\u003C\/a\u003E\u003C\/p\u003E\n        \u003C\/div\u003E\n\u003Cdiv class=\u0022js-form-item form-item js-form-type-item form-item- js-form-item- form-no-label\u0022\u003E\n        \u003Cstrong\u003EGrupp:\u003C\/strong\u003E HLR och f\u00f6rsta hj\u00e4lpen f\u00f6r f\u00f6r\u00e4ldrar 26 maj kl.17:30\n        \u003C\/div\u003E\n\u003Cdiv class=\u0022js-form-item form-item js-form-type-item form-item- js-form-item- form-no-label\u0022\u003E\n        \u003Cstrong\u003EPris:\u003C\/strong\u003E 200.00 SEK\n        \u003C\/div\u003E\n\u003Cdiv class=\u0022js-form-item form-item js-form-type-item form-item- js-form-item- form-no-label\u0022\u003E\n        \u003Ca href=\u0022\/tjanster\/avbokningsskydd\/aktivera\/123846\/cart\u0022 class=\u0022btn btn-orange btn-filled mt-5 use-ajax\u0022\u003EAktivera avbokningsskydd\u003C\/a\u003E\n        \u003C\/div\u003E\n","dialogOptions":{"width":"800px","modal":true,"title":"Avbokningsskydd"}}]